{"id":12901,"date":"2025-11-10T14:37:01","date_gmt":"2025-11-10T13:37:01","guid":{"rendered":"https:\/\/jansametal.com\/jansa-metal-mise-sur-la-mobilite-durable-avec-un-nouveau-vehicule-100-electrique\/"},"modified":"2026-03-04T11:39:51","modified_gmt":"2026-03-04T10:39:51","slug":"jansa-metal-mise-sur-la-mobilite-durable-avec-un-nouveau-vehicule-100-electrique","status":"publish","type":"post","link":"https:\/\/jansametal.com\/fr\/jansa-metal-mise-sur-la-mobilite-durable-avec-un-nouveau-vehicule-100-electrique\/","title":{"rendered":"JANSA METAL s&rsquo;engage en faveur de la mobilit\u00e9 durable avec un nouveau v\u00e9hicule 100 % \u00e9lectrique."},"content":{"rendered":"\n<p>Chez <strong>JANSA METAL<\/strong>, nous continuons \u00e0 promouvoir notre engagement en faveur de la durabilit\u00e9 et de l&rsquo;innovation. Gr\u00e2ce au <strong>plan MOVES III 2025<\/strong>, nous avons int\u00e9gr\u00e9 un <strong>v\u00e9hicule 100 % \u00e9lectrique<\/strong> \u00e0 notre flotte, r\u00e9affirmant ainsi notre engagement en faveur de l&rsquo;efficacit\u00e9 \u00e9nerg\u00e9tique et de la r\u00e9duction des \u00e9missions. <\/p>\n\n<p>Cette nouvelle acquisition est une \u00e9tape suppl\u00e9mentaire dans notre strat\u00e9gie de responsabilit\u00e9 environnementale, qui vise \u00e0 r\u00e9duire notre empreinte carbone et \u00e0 promouvoir une mobilit\u00e9 plus propre et plus responsable. Avec ce v\u00e9hicule \u00e9lectrique, nous contribuons \u00e0 un avenir plus vert, en am\u00e9liorant l&rsquo;efficacit\u00e9 de nos d\u00e9placements et en renfor\u00e7ant notre engagement en faveur des \u00e9nergies propres. <\/p>\n\n<p><strong>Nous continuons \u00e0 ajouter de l&rsquo;\u00e9nergie propre \u00e0 la route.<\/strong><\/p>\n\n<p>Chez JANSA METAL, nous pensons que le passage \u00e0 la mobilit\u00e9 durable n&rsquo;est pas seulement une n\u00e9cessit\u00e9, mais aussi une opportunit\u00e9 d&rsquo;\u00e9voluer vers un mod\u00e8le d&rsquo;entreprise plus responsable, align\u00e9 sur les objectifs de d\u00e9veloppement durable.<\/p>\n\n<p style=\"padding-top:50px\"><strong>Avec le soutien de l&rsquo;Institut Catal\u00e0 d&rsquo;Energia<\/strong><\/p>\n\n<div class=\"wp-block-uagb-image uagb-block-14acf3b1 wp-block-uagb-image--layout-default wp-block-uagb-image--effect-static wp-block-uagb-image--align-none\"><figure class=\"wp-block-uagb-image__figure\"><img decoding=\"async\" srcset=\"https:\/\/jansametal.com\/wp-content\/uploads\/2025\/12\/icaen_c3.jpg ,https:\/\/jansametal.com\/wp-content\/uploads\/2025\/12\/icaen_c3.jpg 780w, https:\/\/jansametal.com\/wp-content\/uploads\/2025\/12\/icaen_c3.jpg 360w\" sizes=\"auto, (max-width: 480px) 150px\" src=\"https:\/\/jansametal.com\/wp-content\/uploads\/2025\/12\/icaen_c3.jpg\" alt=\"\" class=\"uag-image-12276\" width=\"150\" height=\"80\" title=\"icaen_c3\" loading=\"lazy\" role=\"img\"><\/figure><\/div>\n\n<div class=\"wp-block-uagb-separator uagb-block-eccadb60\"><div class=\"uagb-separator-spacing-wrapper\"><div class=\"wp-block-uagb-separator__inner\" style=\"--my-background-image:\"><\/div><\/div><\/div>\n\n<div class=\"wp-block-uagb-image uagb-block-cf5c3e28 wp-block-uagb-image--layout-default wp-block-uagb-image--effect-static wp-block-uagb-image--align-none\"><figure class=\"wp-block-uagb-image__figure\"><img decoding=\"async\" srcset=\"https:\/\/jansametal.com\/wp-content\/uploads\/2025\/11\/MOVES-III_h-1-1024x57.jpg ,https:\/\/jansametal.com\/wp-content\/uploads\/2025\/11\/MOVES-III_h-1.jpg 780w, https:\/\/jansametal.com\/wp-content\/uploads\/2025\/11\/MOVES-III_h-1.jpg 360w\" sizes=\"auto, (max-width: 480px) 150px\" src=\"https:\/\/jansametal.com\/wp-content\/uploads\/2025\/11\/MOVES-III_h-1-1024x57.jpg\" alt=\"\" class=\"uag-image-12264\" width=\"1024\" height=\"57\" title=\"MOVES-III_h\" loading=\"lazy\" role=\"img\"><\/figure><\/div>\n","protected":false},"excerpt":{"rendered":"<p>Chez JANSA METAL, nous continuons \u00e0 promouvoir notre engagement en faveur de la durabilit\u00e9 et de l&rsquo;innovation. Gr\u00e2ce au plan MOVES III 2025, nous avons int\u00e9gr\u00e9 un v\u00e9hicule 100 % \u00e9lectrique \u00e0 notre flotte, r\u00e9affirmant ainsi notre engagement en faveur de l&rsquo;efficacit\u00e9 \u00e9nerg\u00e9tique et de la r\u00e9duction des \u00e9missions. Cette nouvelle acquisition est une \u00e9tape [&hellip;]<\/p>\n","protected":false},"author":4,"featured_media":11268,"comment_status":"closed","ping_status":"open","sticky":false,"template":"","format":"standard","meta":{"_uag_custom_page_level_css":"","site-sidebar-layout":"default","site-content-layout":"","ast-site-content-layout":"default","site-content-style":"default","site-sidebar-style":"default","ast-global-header-display":"","ast-banner-title-visibility":"","ast-main-header-display":"","ast-hfb-above-header-display":"","ast-hfb-below-header-display":"","ast-hfb-mobile-header-display":"","site-post-title":"","ast-breadcrumbs-content":"","ast-featured-img":"","footer-sml-layout":"","ast-disable-related-posts":"","theme-transparent-header-meta":"","adv-header-id-meta":"","stick-header-meta":"","header-above-stick-meta":"","header-main-stick-meta":"","header-below-stick-meta":"","astra-migrate-meta-layouts":"default","ast-page-background-enabled":"default","ast-page-background-meta":{"desktop":{"background-color":"var(--ast-global-color-4)","background-image":"","background-repeat":"repeat","background-position":"center center","background-size":"auto","background-attachment":"scroll","background-type":"","background-media":"","overlay-type":"","overlay-color":"","overlay-opacity":"","overlay-gradient":""},"tablet":{"background-color":"","background-image":"","background-repeat":"repeat","background-position":"center center","background-size":"auto","background-attachment":"scroll","background-type":"","background-media":"","overlay-type":"","overlay-color":"","overlay-opacity":"","overlay-gradient":""},"mobile":{"background-color":"","background-image":"","background-repeat":"repeat","background-position":"center center","background-size":"auto","background-attachment":"scroll","background-type":"","background-media":"","overlay-type":"","overlay-color":"","overlay-opacity":"","overlay-gradient":""}},"ast-content-background-meta":{"desktop":{"background-color":"var(--ast-global-color-5)","background-image":"","background-repeat":"repeat","background-position":"center center","background-size":"auto","background-attachment":"scroll","background-type":"","background-media":"","overlay-type":"","overlay-color":"","overlay-opacity":"","overlay-gradient":""},"tablet":{"background-color":"var(--ast-global-color-5)","background-image":"","background-repeat":"repeat","background-position":"center center","background-size":"auto","background-attachment":"scroll","background-type":"","background-media":"","overlay-type":"","overlay-color":"","overlay-opacity":"","overlay-gradient":""},"mobile":{"background-color":"var(--ast-global-color-5)","background-image":"","background-repeat":"repeat","background-position":"center center","background-size":"auto","background-attachment":"scroll","background-type":"","background-media":"","overlay-type":"","overlay-color":"","overlay-opacity":"","overlay-gradient":""}},"footnotes":""},"categories":[91,88],"tags":[],"class_list":["post-12901","post","type-post","status-publish","format-standard","has-post-thumbnail","hentry","category-actualites","category-blog"],"jetpack_featured_media_url":"https:\/\/jansametal.com\/wp-content\/uploads\/2025\/11\/PanMove.png","spectra_custom_meta":{"_pingme":["1"],"_encloseme":["1"],"rank_math_internal_links_processed":["1"],"_last_translation_edit_mode":["translation-editor"],"_wpml_media_duplicate":["1"],"_wpml_media_featured":["1"],"ast-main-header-display":[""],"ast-hfb-above-header-display":[""],"ast-hfb-below-header-display":[""],"ast-hfb-mobile-header-display":[""],"adv-header-id-meta":[""],"footer-sml-layout":[""],"stick-header-meta":[""],"header-main-stick-meta":[""],"header-above-stick-meta":[""],"header-below-stick-meta":[""],"site-post-title":[""],"site-sidebar-layout":["default"],"site-content-layout":[""],"ast-featured-img":[""],"ast-breadcrumbs-content":[""],"theme-transparent-header-meta":[""],"ast-banner-title-visibility":[""],"ast-global-header-display":[""],"ast-site-content-layout":["default"],"site-content-style":["default"],"site-sidebar-style":["default"],"rank_math_primary_category":["53"],"_top_nav_excluded":[""],"_cms_nav_minihome":[""],"_thumbnail_id":["11268"],"_wpml_word_count":["203"],"_uag_css_file_name":["uag-css-12901.css"],"_uag_js_file_name":["uag-js-12901.js"]},"uagb_featured_image_src":{"full":["https:\/\/jansametal.com\/wp-content\/uploads\/2025\/11\/PanMove.png",1536,1024,false],"thumbnail":["https:\/\/jansametal.com\/wp-content\/uploads\/2025\/11\/PanMove-150x150.png",150,150,true],"medium":["https:\/\/jansametal.com\/wp-content\/uploads\/2025\/11\/PanMove-300x200.png",300,200,true],"medium_large":["https:\/\/jansametal.com\/wp-content\/uploads\/2025\/11\/PanMove-768x512.png",768,512,true],"large":["https:\/\/jansametal.com\/wp-content\/uploads\/2025\/11\/PanMove-1024x683.png",1024,683,true],"1536x1536":["https:\/\/jansametal.com\/wp-content\/uploads\/2025\/11\/PanMove.png",1536,1024,false],"2048x2048":["https:\/\/jansametal.com\/wp-content\/uploads\/2025\/11\/PanMove.png",1536,1024,false],"wpca-thumb":["https:\/\/jansametal.com\/wp-content\/uploads\/2025\/11\/PanMove-220x150.png",220,150,true]},"uagb_author_info":{"display_name":"Jansa Metal","author_link":"https:\/\/jansametal.com\/fr\/author\/nathalie\/"},"uagb_comment_info":0,"uagb_excerpt":"Chez JANSA METAL, nous continuons \u00e0 promouvoir notre engagement en faveur de la durabilit\u00e9 et de l&rsquo;innovation. Gr\u00e2ce au plan MOVES III 2025, nous avons int\u00e9gr\u00e9 un v\u00e9hicule 100 % \u00e9lectrique \u00e0 notre flotte, r\u00e9affirmant ainsi notre engagement en faveur de l&rsquo;efficacit\u00e9 \u00e9nerg\u00e9tique et de la r\u00e9duction des \u00e9missions. Cette nouvelle acquisition est une \u00e9tape\u2026","_links":{"self":[{"href":"https:\/\/jansametal.com\/fr\/wp-json\/wp\/v2\/posts\/12901","targetHints":{"allow":["GET"]}}],"collection":[{"href":"https:\/\/jansametal.com\/fr\/wp-json\/wp\/v2\/posts"}],"about":[{"href":"https:\/\/jansametal.com\/fr\/wp-json\/wp\/v2\/types\/post"}],"author":[{"embeddable":true,"href":"https:\/\/jansametal.com\/fr\/wp-json\/wp\/v2\/users\/4"}],"replies":[{"embeddable":true,"href":"https:\/\/jansametal.com\/fr\/wp-json\/wp\/v2\/comments?post=12901"}],"version-history":[{"count":1,"href":"https:\/\/jansametal.com\/fr\/wp-json\/wp\/v2\/posts\/12901\/revisions"}],"predecessor-version":[{"id":12902,"href":"https:\/\/jansametal.com\/fr\/wp-json\/wp\/v2\/posts\/12901\/revisions\/12902"}],"wp:featuredmedia":[{"embeddable":true,"href":"https:\/\/jansametal.com\/fr\/wp-json\/wp\/v2\/media\/11268"}],"wp:attachment":[{"href":"https:\/\/jansametal.com\/fr\/wp-json\/wp\/v2\/media?parent=12901"}],"wp:term":[{"taxonomy":"category","embeddable":true,"href":"https:\/\/jansametal.com\/fr\/wp-json\/wp\/v2\/categories?post=12901"},{"taxonomy":"post_tag","embeddable":true,"href":"https:\/\/jansametal.com\/fr\/wp-json\/wp\/v2\/tags?post=12901"}],"curies":[{"name":"wp","href":"https:\/\/api.w.org\/{rel}","templated":true}]}}